{"id":827,"date":"2025-09-09T11:43:54","date_gmt":"2025-09-09T11:43:54","guid":{"rendered":"https:\/\/blog-witre.se\/wfi\/?p=827"},"modified":"2025-09-09T11:45:01","modified_gmt":"2025-09-09T11:45:01","slug":"syksyn-uusi-alku-nyt-on-aika-nostaa-tyotahti-uudelle-tasolle","status":"publish","type":"post","link":"https:\/\/www.witre.fi\/blog\/syksyn-uusi-alku-nyt-on-aika-nostaa-tyotahti-uudelle-tasolle\/","title":{"rendered":"Syksyn uusi alku \u2013 nyt on aika nostaa ty\u00f6tahti uudelle tasolle!"},"content":{"rendered":"<!--themify_builder_content-->\n<div id=\"themify_builder_content-827\" data-postid=\"827\" class=\"themify_builder_content themify_builder_content-827 themify_builder tf_clear\">\n                    <div  data-lazy=\"1\" class=\"module_row themify_builder_row tb_dkx0704 tb_first tf_w\">\n                        <div class=\"row_inner col_align_top tb_col_count_1 tf_box tf_rel\">\n                        <div  data-lazy=\"1\" class=\"module_column tb-column col-full tb_ihfr704 first\">\n                    <!-- module text -->\n<div  class=\"module module-text tb_2zuk704   \" data-lazy=\"1\">\n        <div  class=\"tb_text_wrap\">\n        <h2>N\u00e4in valmistelet ty\u00f6paikan syksyyn \u2013 vinkkej\u00e4 turvalliseen ja tehokkaaseen ymp\u00e4rist\u00f6\u00f6n<\/h2><p>Kun syksy l\u00e4hestyy viile\u00e4mpine l\u00e4mp\u00f6tiloineen, tuulineen ja sateineen, on t\u00e4rke\u00e4\u00e4\u202fvalmistella ty\u00f6paikka syyskauteen. Hyvin suunniteltu ja mukautettu ymp\u00e4rist\u00f6 \u2013 sek\u00e4 sis\u00e4ll\u00e4 ett\u00e4 ulkona \u2013 edist\u00e4\u00e4\u202fviihtyvyytt\u00e4, turvallisuutta ja tuottavuutta. Se luo my\u00f6s positiivisen kokemuksen sek\u00e4 ty\u00f6ntekij\u00f6ille ett\u00e4 vierailijoille.<\/p><h3>Ulkona: Luo turvallinen ja kutsuva ty\u00f6ymp\u00e4rist\u00f6<\/h3><p>Syksyn ulkohaasteisiin vastaamiseksi kannattaa:<\/p><ul><li>Poistaa lehdet\u202fja muu roska, joka voi aiheuttaa liukkautta.<\/li><li>Turvata kulkuv\u00e4yl\u00e4t\u202fliukuesteill\u00e4 ja selkeill\u00e4 merkinn\u00f6ill\u00e4.<\/li><li>Tarkistaa ulkovalaistus\u202fturvallisuuden lis\u00e4\u00e4miseksi pimein\u00e4 p\u00e4ivin\u00e4.<\/li><li>Luoda kutsuva sis\u00e4\u00e4nk\u00e4ynti\u202fs\u00e4\u00e4suojalla ja selke\u00e4ll\u00e4 opasteistuksella.<\/li><\/ul><h3>Sis\u00e4ll\u00e4: J\u00e4rjest\u00e4 ja optimoi ty\u00f6tilat<\/h3><p>Syksy on t\u00e4ydellinen aika:<\/p><ul><li>Siivota ja j\u00e4rjest\u00e4\u00e4 ty\u00f6tilat\u202fparemman ty\u00f6nkulun saavuttamiseksi.<\/li><li>Optimoida s\u00e4ilytysratkaisut\u202fpinottavilla laatikoilla, kokoontaitettavilla astioilla ja merkityill\u00e4 j\u00e4te- ja kierr\u00e4tysastioilla.<\/li><li>Luoda\u202fj\u00e4rjestyst\u00e4 ja selkeytt\u00e4,\u202fjoka helpottaa arkea m\u00e4rill\u00e4 kengill\u00e4, sadevaatteilla ja syyskiireill\u00e4.<\/li><\/ul><h3>Mukavuus ja ty\u00f6ymp\u00e4rist\u00f6: L\u00e4mp\u00f6 ja ergonomia keski\u00f6ss\u00e4<\/h3><p>Ty\u00f6ymp\u00e4rist\u00f6n parantamiseksi kylmin\u00e4 p\u00e4ivin\u00e4:<\/p><ul><li>Asenna\u202fl\u00e4mmittimi\u00e4\u202fja kuivausmahdollisuuksia.<\/li><li>Aseta\u202fmattoja sis\u00e4\u00e4nk\u00e4yntien yhteyteen\u202fv\u00e4hent\u00e4m\u00e4\u00e4n likaa ja kosteutta.<\/li><li>Panosta\u202fergonomisiin ty\u00f6vaatteisiin,\u202fjotka pit\u00e4v\u00e4t l\u00e4mpim\u00e4n\u00e4 ja lis\u00e4\u00e4v\u00e4t mukavuutta.<\/li><\/ul><h2>Suojaavat ty\u00f6vaatteet syksyyn \u2013 l\u00f6yd\u00e4 oikeat Witre.fi:st\u00e4<\/h2><p>Kun syyss\u00e4\u00e4 tuo mukanaan kylm\u00e4\u00e4, sadetta ja tuulta, on t\u00e4rke\u00e4\u00e4 k\u00e4ytt\u00e4\u00e4\u202ftoiminnallisia ja suojaavia ty\u00f6vaatteita,\u202fjotka pit\u00e4v\u00e4t sinut l\u00e4mpim\u00e4n\u00e4, kuivana ja turvassa koko ty\u00f6p\u00e4iv\u00e4n ajan. Witre.fi:st\u00e4 l\u00f6yd\u00e4t laajan valikoiman\u202fsyksyyn sopivia ty\u00f6vaatteita, kuten:<\/p><ul><li>L\u00e4mpim\u00e4t ty\u00f6takki<\/li><li>Vuorilliset ty\u00f6housut<\/li><li>Sadevaatteet<\/li><li>Turvakeng\u00e4t<\/li><\/ul><p>Kaikki tuotteet on huolellisesti valittu vastaamaan syksyn haasteita erilaisissa ty\u00f6ymp\u00e4rist\u00f6iss\u00e4.<\/p><p>Sijoittamalla oikeisiin\u202fsyysty\u00f6vaatteisiin\u202fparannat sek\u00e4\u202fty\u00f6ymp\u00e4rist\u00f6\u00e4\u202fett\u00e4\u202fty\u00f6ntekij\u00f6iden hyvinvointia. Samalla v\u00e4henn\u00e4t riski\u00e4\u202fsairauspoissaoloihin,\u202ftapaturmiin\u202fja\u202fvammoihin\u202f\u2013 mik\u00e4 tekee ty\u00f6vaatevalinnoista fiksun ja kest\u00e4v\u00e4n investoinnin.<\/p><p><strong>Vieraile osoitteessa <a href=\"https:\/\/www.witre.fi\/fi\/wfi\/syksy\" target=\"_blank\" rel=\"noopener\">Witre.fi\/syksy<\/a> ja l\u00f6yd\u00e4 oikeat ty\u00f6vaatteet syyskauteen!<\/strong><\/p><h2>Luo kest\u00e4v\u00e4 ja viihtyis\u00e4 ty\u00f6paikka syksyyn<\/h2><p>Ty\u00f6paikan\u202fvalmistelu syksyyn\u202fon enemm\u00e4n kuin k\u00e4yt\u00e4nn\u00f6n toimenpide \u2013 se on tapa luoda\u202fkest\u00e4v\u00e4, turvallinen ja viihtyis\u00e4 ty\u00f6ymp\u00e4rist\u00f6,\u202fjossa ihmiset voivat keskitty\u00e4 ty\u00f6h\u00f6ns\u00e4 ja voida hyvin s\u00e4\u00e4st\u00e4 riippumatta.<\/p>    <\/div>\n<\/div>\n<!-- \/module text --><!-- module image -->\n<div  class=\"module module-image tb_cae0704 image-top   tf_mw\" data-lazy=\"1\">\n        <div class=\"image-wrap tf_rel tf_mw\">\n            <img loading=\"lazy\" decoding=\"async\" width=\"1920\" height=\"608\" src=\"https:\/\/blog-witre.se\/wfi\/wp-content\/uploads\/sites\/5\/2025\/09\/Autumn_FI.jpg\" class=\"wp-post-image wp-image-828\" title=\"Autumn_FI\" alt=\"Autumn_FI\" srcset=\"https:\/\/blog-witre.se\/wfi\/wp-content\/uploads\/sites\/5\/2025\/09\/Autumn_FI.jpg 1920w, https:\/\/blog-witre.se\/wfi\/wp-content\/uploads\/sites\/5\/2025\/09\/Autumn_FI-300x95.jpg 300w, https:\/\/blog-witre.se\/wfi\/wp-content\/uploads\/sites\/5\/2025\/09\/Autumn_FI-1024x324.jpg 1024w, https:\/\/blog-witre.se\/wfi\/wp-content\/uploads\/sites\/5\/2025\/09\/Autumn_FI-768x243.jpg 768w, https:\/\/blog-witre.se\/wfi\/wp-content\/uploads\/sites\/5\/2025\/09\/Autumn_FI-1536x486.jpg 1536w\" sizes=\"auto, (max-width: 1920px) 100vw, 1920px\" \/>    \n        <\/div>\n    <!-- \/image-wrap -->\n    \n        <\/div>\n<!-- \/module image --><!-- module text -->\n<div  class=\"module module-text tb_vdk6704   \" data-lazy=\"1\">\n        <div  class=\"tb_text_wrap\">\n        <h2>Nyt on syksy Witre \u2013 valmistele ty\u00f6paikka kauteen<\/h2><p>Syksy on tulossa \u2013 ja sen my\u00f6t\u00e4 ty\u00f6paikalla ilmenee uusia tarpeita. Witre.fi:ss\u00e4 olemme koonneet huolellisesti valitun valikoiman syystuotteita, jotka auttavat sinua luomaan turvallisen, tehokkaan ja viihtyis\u00e4n ymp\u00e4rist\u00f6n \u2013 ty\u00f6skentelitp\u00e4 sis\u00e4ll\u00e4 tai ulkona.<\/p><h3>Mit\u00e4 l\u00f6yd\u00e4t syyssivultamme?<\/h3><ul><li><strong>S\u00e4ilytys &amp; organisointi<\/strong>\u00a0\u2013 \u00e4lykk\u00e4it\u00e4 ratkaisuja j\u00e4rjestyksen yll\u00e4pit\u00e4miseen kauden vaihtuessa.<\/li><li><strong>Ulkoymp\u00e4rist\u00f6 &amp; suojaus<\/strong>\u00a0\u2013 tukevat py\u00f6r\u00e4telineet, s\u00e4\u00e4suojat ja liukuesteiset matot.<\/li><li><strong>Ergonomia &amp; mukavuus<\/strong>\u00a0\u2013 l\u00e4mpim\u00e4t ty\u00f6tuolit, jalkatuet ja matot, jotka tekev\u00e4t ty\u00f6p\u00e4iv\u00e4st\u00e4 miellytt\u00e4v\u00e4mm\u00e4n.<\/li><li><strong>Turvallisuus &amp; puhtaus<\/strong>\u00a0\u2013 tuotteita roiskeiden suojaamiseen, siivoukseen ja yll\u00e4pitoon, jotka vastaavat syksyn haasteisiin.<\/li><\/ul><h3>Kauden suosikit<\/h3><p>Tutustu suosituimpiin syystuotteisiimme \u2013 ergonomisista ratkaisuista k\u00e4yt\u00e4nn\u00f6llisiin s\u00e4ilytysj\u00e4rjestelmiin. Kaikki, jotta voit keskitty\u00e4 ty\u00f6h\u00f6n, vaikka s\u00e4\u00e4 yritt\u00e4isi h\u00e4irit\u00e4.<\/p><p><strong>Vieraile syyskampanjasivullamme osoitteessa <a href=\"https:\/\/www.witre.fi\/fi\/wfi\/syksy\" target=\"_blank\" rel=\"noopener\">Witre.fi\/syksy<\/a><\/strong>\u00a0ja tutustu ajankohtaisiin tarjouksiin, inspiraatioon ja tuotteisiin, jotka tekev\u00e4t eron. Laaja valikoima, nopeat toimitukset ja henkil\u00f6kohtainen palvelu tekev\u00e4t meist\u00e4 kumppanisi paremman ty\u00f6paikan luomisessa \u2013 ymp\u00e4ri vuoden.<\/p>    <\/div>\n<\/div>\n<!-- \/module text --><!-- module buttons -->\n<div  class=\"module module-buttons tb_18lc704 buttons-horizontal solid   rounded\" data-lazy=\"1\">\n        <div class=\"module-buttons-item tf_in_flx\">\n                        <a href=\"https:\/\/www.witre.fi\/fi\/wfi\/syksy\" class=\"ui builder_button tf_in_flx orange\" target=\"_blank\" rel=\"noopener\">\n                                                Osta nyt                                        <em><svg  class=\"tf_fa tf-fas-arrow-alt-circle-right\" aria-hidden=\"true\"><use href=\"#tf-fas-arrow-alt-circle-right\"><\/use><\/svg><\/em>                            <\/a>\n                <\/div>\n            <\/div>\n<!-- \/module buttons -->\n        <\/div>\n                        <\/div>\n        <\/div>\n        <\/div>\n<!--\/themify_builder_content-->","protected":false},"excerpt":{"rendered":"<p>N\u00e4in valmistelet ty\u00f6paikan syksyyn \u2013 vinkkej\u00e4 turvalliseen ja tehokkaaseen ymp\u00e4rist\u00f6\u00f6nKun syksy l\u00e4hestyy viile\u00e4mpine l\u00e4mp\u00f6tiloineen, tuulineen ja sateineen, on t\u00e4rke\u00e4\u00e4\u202fvalmistella ty\u00f6paikka syyskauteen. Hyvin suunniteltu ja mukautettu ymp\u00e4rist\u00f6 \u2013 sek\u00e4 sis\u00e4ll\u00e4 ett\u00e4 ulkona \u2013 edist\u00e4\u00e4\u202fviihtyvyytt\u00e4, turvallisuutta ja tuottavuutta. Se luo my\u00f6s positiivisen kokemuksen sek\u00e4 ty\u00f6ntekij\u00f6ille ett\u00e4 vierailijoille.Ulkona: Luo turvallinen ja kutsuva ty\u00f6ymp\u00e4rist\u00f6Syksyn ulkohaasteisiin vastaamiseksi kannattaa:Poistaa lehdet\u202fja muu [&hellip;]<\/p>\n","protected":false},"author":1,"featured_media":829,"comment_status":"closed","ping_status":"open","sticky":false,"template":"","format":"standard","meta":{"footnotes":""},"categories":[17,6,13,14,18],"tags":[],"class_list":["post-827","post","type-post","status-publish","format-standard","has-post-thumbnail","hentry","category-jatehuolto-siivous","category-toimisto","category-varasto-teollisuus","category-verstas","category-vuodonhallintaan","has-post-title","has-post-date","has-post-category","has-post-tag","has-post-comment","has-post-author",""],"builder_content":"<h2>N\u00e4in valmistelet ty\u00f6paikan syksyyn \u2013 vinkkej\u00e4 turvalliseen ja tehokkaaseen ymp\u00e4rist\u00f6\u00f6n<\/h2><p>Kun syksy l\u00e4hestyy viile\u00e4mpine l\u00e4mp\u00f6tiloineen, tuulineen ja sateineen, on t\u00e4rke\u00e4\u00e4\u202fvalmistella ty\u00f6paikka syyskauteen. Hyvin suunniteltu ja mukautettu ymp\u00e4rist\u00f6 \u2013 sek\u00e4 sis\u00e4ll\u00e4 ett\u00e4 ulkona \u2013 edist\u00e4\u00e4\u202fviihtyvyytt\u00e4, turvallisuutta ja tuottavuutta. Se luo my\u00f6s positiivisen kokemuksen sek\u00e4 ty\u00f6ntekij\u00f6ille ett\u00e4 vierailijoille.<\/p><h3>Ulkona: Luo turvallinen ja kutsuva ty\u00f6ymp\u00e4rist\u00f6<\/h3><p>Syksyn ulkohaasteisiin vastaamiseksi kannattaa:<\/p><ul><li>Poistaa lehdet\u202fja muu roska, joka voi aiheuttaa liukkautta.<\/li><li>Turvata kulkuv\u00e4yl\u00e4t\u202fliukuesteill\u00e4 ja selkeill\u00e4 merkinn\u00f6ill\u00e4.<\/li><li>Tarkistaa ulkovalaistus\u202fturvallisuuden lis\u00e4\u00e4miseksi pimein\u00e4 p\u00e4ivin\u00e4.<\/li><li>Luoda kutsuva sis\u00e4\u00e4nk\u00e4ynti\u202fs\u00e4\u00e4suojalla ja selke\u00e4ll\u00e4 opasteistuksella.<\/li><\/ul><h3>Sis\u00e4ll\u00e4: J\u00e4rjest\u00e4 ja optimoi ty\u00f6tilat<\/h3><p>Syksy on t\u00e4ydellinen aika:<\/p><ul><li>Siivota ja j\u00e4rjest\u00e4\u00e4 ty\u00f6tilat\u202fparemman ty\u00f6nkulun saavuttamiseksi.<\/li><li>Optimoida s\u00e4ilytysratkaisut\u202fpinottavilla laatikoilla, kokoontaitettavilla astioilla ja merkityill\u00e4 j\u00e4te- ja kierr\u00e4tysastioilla.<\/li><li>Luoda\u202fj\u00e4rjestyst\u00e4 ja selkeytt\u00e4,\u202fjoka helpottaa arkea m\u00e4rill\u00e4 kengill\u00e4, sadevaatteilla ja syyskiireill\u00e4.<\/li><\/ul><h3>Mukavuus ja ty\u00f6ymp\u00e4rist\u00f6: L\u00e4mp\u00f6 ja ergonomia keski\u00f6ss\u00e4<\/h3><p>Ty\u00f6ymp\u00e4rist\u00f6n parantamiseksi kylmin\u00e4 p\u00e4ivin\u00e4:<\/p><ul><li>Asenna\u202fl\u00e4mmittimi\u00e4\u202fja kuivausmahdollisuuksia.<\/li><li>Aseta\u202fmattoja sis\u00e4\u00e4nk\u00e4yntien yhteyteen\u202fv\u00e4hent\u00e4m\u00e4\u00e4n likaa ja kosteutta.<\/li><li>Panosta\u202fergonomisiin ty\u00f6vaatteisiin,\u202fjotka pit\u00e4v\u00e4t l\u00e4mpim\u00e4n\u00e4 ja lis\u00e4\u00e4v\u00e4t mukavuutta.<\/li><\/ul><h2>Suojaavat ty\u00f6vaatteet syksyyn \u2013 l\u00f6yd\u00e4 oikeat Witre.fi:st\u00e4<\/h2><p>Kun syyss\u00e4\u00e4 tuo mukanaan kylm\u00e4\u00e4, sadetta ja tuulta, on t\u00e4rke\u00e4\u00e4 k\u00e4ytt\u00e4\u00e4\u202ftoiminnallisia ja suojaavia ty\u00f6vaatteita,\u202fjotka pit\u00e4v\u00e4t sinut l\u00e4mpim\u00e4n\u00e4, kuivana ja turvassa koko ty\u00f6p\u00e4iv\u00e4n ajan. Witre.fi:st\u00e4 l\u00f6yd\u00e4t laajan valikoiman\u202fsyksyyn sopivia ty\u00f6vaatteita, kuten:<\/p><ul><li>L\u00e4mpim\u00e4t ty\u00f6takki<\/li><li>Vuorilliset ty\u00f6housut<\/li><li>Sadevaatteet<\/li><li>Turvakeng\u00e4t<\/li><\/ul><p>Kaikki tuotteet on huolellisesti valittu vastaamaan syksyn haasteita erilaisissa ty\u00f6ymp\u00e4rist\u00f6iss\u00e4.<\/p><p>Sijoittamalla oikeisiin\u202fsyysty\u00f6vaatteisiin\u202fparannat sek\u00e4\u202fty\u00f6ymp\u00e4rist\u00f6\u00e4\u202fett\u00e4\u202fty\u00f6ntekij\u00f6iden hyvinvointia. Samalla v\u00e4henn\u00e4t riski\u00e4\u202fsairauspoissaoloihin,\u202ftapaturmiin\u202fja\u202fvammoihin\u202f\u2013 mik\u00e4 tekee ty\u00f6vaatevalinnoista fiksun ja kest\u00e4v\u00e4n investoinnin.<\/p><p><strong>Vieraile osoitteessa <a href=\"https:\/\/www.witre.fi\/fi\/wfi\/syksy\" target=\"_blank\" rel=\"noopener\">Witre.fi\/syksy<\/a> ja l\u00f6yd\u00e4 oikeat ty\u00f6vaatteet syyskauteen!<\/strong><\/p><h2>Luo kest\u00e4v\u00e4 ja viihtyis\u00e4 ty\u00f6paikka syksyyn<\/h2><p>Ty\u00f6paikan\u202fvalmistelu syksyyn\u202fon enemm\u00e4n kuin k\u00e4yt\u00e4nn\u00f6n toimenpide \u2013 se on tapa luoda\u202fkest\u00e4v\u00e4, turvallinen ja viihtyis\u00e4 ty\u00f6ymp\u00e4rist\u00f6,\u202fjossa ihmiset voivat keskitty\u00e4 ty\u00f6h\u00f6ns\u00e4 ja voida hyvin s\u00e4\u00e4st\u00e4 riippumatta.<\/p>\n<img src=\"https:\/\/blog-witre.se\/wfi\/wp-content\/uploads\/sites\/5\/2025\/09\/Autumn_FI.jpg\" title=\"Autumn_FI\" alt=\"Autumn_FI\" srcset=\"https:\/\/blog-witre.se\/wfi\/wp-content\/uploads\/sites\/5\/2025\/09\/Autumn_FI.jpg 1920w, https:\/\/blog-witre.se\/wfi\/wp-content\/uploads\/sites\/5\/2025\/09\/Autumn_FI-300x95.jpg 300w, https:\/\/blog-witre.se\/wfi\/wp-content\/uploads\/sites\/5\/2025\/09\/Autumn_FI-1024x324.jpg 1024w, https:\/\/blog-witre.se\/wfi\/wp-content\/uploads\/sites\/5\/2025\/09\/Autumn_FI-768x243.jpg 768w, https:\/\/blog-witre.se\/wfi\/wp-content\/uploads\/sites\/5\/2025\/09\/Autumn_FI-1536x486.jpg 1536w\" sizes=\"(max-width: 1920px) 100vw, 1920px\" \/>\n<h2>Nyt on syksy Witre \u2013 valmistele ty\u00f6paikka kauteen<\/h2><p>Syksy on tulossa \u2013 ja sen my\u00f6t\u00e4 ty\u00f6paikalla ilmenee uusia tarpeita. Witre.fi:ss\u00e4 olemme koonneet huolellisesti valitun valikoiman syystuotteita, jotka auttavat sinua luomaan turvallisen, tehokkaan ja viihtyis\u00e4n ymp\u00e4rist\u00f6n \u2013 ty\u00f6skentelitp\u00e4 sis\u00e4ll\u00e4 tai ulkona.<\/p><h3>Mit\u00e4 l\u00f6yd\u00e4t syyssivultamme?<\/h3><ul><li><strong>S\u00e4ilytys &amp; organisointi<\/strong>\u00a0\u2013 \u00e4lykk\u00e4it\u00e4 ratkaisuja j\u00e4rjestyksen yll\u00e4pit\u00e4miseen kauden vaihtuessa.<\/li><li><strong>Ulkoymp\u00e4rist\u00f6 &amp; suojaus<\/strong>\u00a0\u2013 tukevat py\u00f6r\u00e4telineet, s\u00e4\u00e4suojat ja liukuesteiset matot.<\/li><li><strong>Ergonomia &amp; mukavuus<\/strong>\u00a0\u2013 l\u00e4mpim\u00e4t ty\u00f6tuolit, jalkatuet ja matot, jotka tekev\u00e4t ty\u00f6p\u00e4iv\u00e4st\u00e4 miellytt\u00e4v\u00e4mm\u00e4n.<\/li><li><strong>Turvallisuus &amp; puhtaus<\/strong>\u00a0\u2013 tuotteita roiskeiden suojaamiseen, siivoukseen ja yll\u00e4pitoon, jotka vastaavat syksyn haasteisiin.<\/li><\/ul><h3>Kauden suosikit<\/h3><p>Tutustu suosituimpiin syystuotteisiimme \u2013 ergonomisista ratkaisuista k\u00e4yt\u00e4nn\u00f6llisiin s\u00e4ilytysj\u00e4rjestelmiin. Kaikki, jotta voit keskitty\u00e4 ty\u00f6h\u00f6n, vaikka s\u00e4\u00e4 yritt\u00e4isi h\u00e4irit\u00e4.<\/p><p><strong>Vieraile syyskampanjasivullamme osoitteessa <a href=\"https:\/\/www.witre.fi\/fi\/wfi\/syksy\" target=\"_blank\" rel=\"noopener\">Witre.fi\/syksy<\/a><\/strong>\u00a0ja tutustu ajankohtaisiin tarjouksiin, inspiraatioon ja tuotteisiin, jotka tekev\u00e4t eron. Laaja valikoima, nopeat toimitukset ja henkil\u00f6kohtainen palvelu tekev\u00e4t meist\u00e4 kumppanisi paremman ty\u00f6paikan luomisessa \u2013 ymp\u00e4ri vuoden.<\/p>\n<a href=\"https:\/\/www.witre.fi\/fi\/wfi\/syksy\" target=\"_blank\" rel=\"noopener\"> Osta nyt <em><svg aria-hidden=\"true\"><use href=\"#tf-fas-arrow-alt-circle-right\"><\/use><\/svg><\/em> <\/a>","_links":{"self":[{"href":"https:\/\/blog-witre.se\/wfi\/wp-json\/wp\/v2\/posts\/827","targetHints":{"allow":["GET"]}}],"collection":[{"href":"https:\/\/blog-witre.se\/wfi\/wp-json\/wp\/v2\/posts"}],"about":[{"href":"https:\/\/blog-witre.se\/wfi\/wp-json\/wp\/v2\/types\/post"}],"author":[{"embeddable":true,"href":"https:\/\/blog-witre.se\/wfi\/wp-json\/wp\/v2\/users\/1"}],"replies":[{"embeddable":true,"href":"https:\/\/blog-witre.se\/wfi\/wp-json\/wp\/v2\/comments?post=827"}],"version-history":[{"count":6,"href":"https:\/\/blog-witre.se\/wfi\/wp-json\/wp\/v2\/posts\/827\/revisions"}],"predecessor-version":[{"id":835,"href":"https:\/\/blog-witre.se\/wfi\/wp-json\/wp\/v2\/posts\/827\/revisions\/835"}],"wp:featuredmedia":[{"embeddable":true,"href":"https:\/\/blog-witre.se\/wfi\/wp-json\/wp\/v2\/media\/829"}],"wp:attachment":[{"href":"https:\/\/blog-witre.se\/wfi\/wp-json\/wp\/v2\/media?parent=827"}],"wp:term":[{"taxonomy":"category","embeddable":true,"href":"https:\/\/blog-witre.se\/wfi\/wp-json\/wp\/v2\/categories?post=827"},{"taxonomy":"post_tag","embeddable":true,"href":"https:\/\/blog-witre.se\/wfi\/wp-json\/wp\/v2\/tags?post=827"}],"curies":[{"name":"wp","href":"https:\/\/api.w.org\/{rel}","templated":true}]}}