{"id":3897,"date":"2025-03-18T11:55:00","date_gmt":"2025-03-18T10:55:00","guid":{"rendered":"https:\/\/blog-witre.se\/wsw\/?p=3897"},"modified":"2025-10-08T11:54:18","modified_gmt":"2025-10-08T09:54:18","slug":"guide-allt-du-behover-veta-om-kallsorteringskarl-for-en-hallbar-arbetsmiljo","status":"publish","type":"post","link":"https:\/\/www.witre.se\/blog\/guide-allt-du-behover-veta-om-kallsorteringskarl-for-en-hallbar-arbetsmiljo\/","title":{"rendered":"GUIDE: Allt du beh\u00f6ver veta om k\u00e4llsorteringsk\u00e4rl f\u00f6r en h\u00e5llbar arbetsmilj\u00f6"},"content":{"rendered":"<!--themify_builder_content-->\n<div id=\"themify_builder_content-3897\" data-postid=\"3897\" class=\"themify_builder_content themify_builder_content-3897 themify_builder tf_clear\">\n                    <div  data-lazy=\"1\" class=\"module_row themify_builder_row tb_qpyd273 tb_first tf_w\">\n                        <div class=\"row_inner col_align_top tb_col_count_1 tf_box tf_rel\">\n                        <div  data-lazy=\"1\" class=\"module_column tb-column col-full tb_55mp273 first\">\n                    <!-- module text -->\n<div  class=\"module module-text tb_iwqv388   \" data-lazy=\"1\">\n        <div  class=\"tb_text_wrap\">\n        <p>Att ha r\u00e4tt\u00a0<a href=\"https:\/\/www.witre.se\/sv\/wsw\/kallsorteringskarl\" target=\"_blank\" rel=\"noopener\">k\u00e4llsorteringsk\u00e4rl<\/a>\u00a0p\u00e5 arbetsplatsen \u00e4r avg\u00f6rande f\u00f6r att skapa en h\u00e5llbar arbetsmilj\u00f6 och effektiv avfallshantering. Genom att aktivt delta i k\u00e4llsortering bidrar ditt f\u00f6retag inte bara till att minska er milj\u00f6p\u00e5verkan. Ni visar ocks\u00e5 engagemang f\u00f6r ett ansvarsfullt och h\u00e5llbart f\u00f6retagande. Genom att ordentligt separera och hantera avfallet p\u00e5 arbetsplatsen kan ditt f\u00f6retag spela en viktig roll i att minska koldioxidutsl\u00e4pp, \u00e5tervinna material och bevara naturresurser. Dessutom blir det renare och snyggare p\u00e5 gemensamma ytor med effektiv k\u00e4llsortering.<\/p>    <\/div>\n<\/div>\n<!-- \/module text --><!-- module text -->\n<div  class=\"module module-text tb_hnza545   \" data-lazy=\"1\">\n        <div  class=\"tb_text_wrap\">\n        <h2>Nya matavfallslagen och f\u00f6rpackningsinsamling<\/h2><p>Fr\u00e5n och med 2023\/2024 m\u00e5ste f\u00f6retag som genererar stora m\u00e4ngder matavfall anpassa sig till den nya matavfallslagen och vidta \u00e5tg\u00e4rder f\u00f6r att korrekt separera och samla in sitt avfall. Detta g\u00f6r du enklast genom att se \u00f6ver ditt f\u00f6retags unika behov s\u00e5 att du kan skapa en modern sortering som \u00e4r enkel f\u00f6r alla att anv\u00e4nda. Det \u00e4r ocks\u00e5 viktigt att t\u00e4nka p\u00e5 att det ska vara lika enkelt f\u00f6r dig och dina kollegor att t\u00f6mma och underh\u00e5lla era k\u00e4rl utifr\u00e5n de rutiner som passar er. Har ni specifika milj\u00f6krav utifr\u00e5n till exempel en h\u00e5llbarhetspolicy beh\u00f6ver du ocks\u00e5 se till att de k\u00e4rl ni anv\u00e4nder lever upp till dessa krav.<\/p>    <\/div>\n<\/div>\n<!-- \/module text --><!-- module buttons -->\n<div  class=\"module module-buttons tb_7lfw766 buttons-horizontal solid   rounded\" data-lazy=\"1\">\n        <div class=\"module-buttons-item tf_in_flx\">\n                        <a href=\"https:\/\/www.witre.se\/sv\/wsw\/kallsorteringskarl#productBeginIndex:0&#038;orderBy:7&#038;\" class=\"ui builder_button tf_in_flx orange\" target=\"_blank\" rel=\"noopener\">\n                                    <em><svg  class=\"tf_fa tf-ti-arrow-circle-right\" aria-hidden=\"true\"><use href=\"#tf-ti-arrow-circle-right\"><\/use><\/svg><\/em>                                        Se hela v\u00e5rt sortiment                                        <\/a>\n                <\/div>\n            <\/div>\n<!-- \/module buttons -->\n        <div  data-lazy=\"1\" class=\"module_subrow themify_builder_sub_row tf_w col_align_top tb_col_count_1 tb_mitr58\">\n                <div  data-lazy=\"1\" class=\"module_column sub_column col-full tb_v7ge58 first\">\n                    <!-- module text -->\n<div  class=\"module module-text tb_u46i184   \" data-lazy=\"1\">\n        <div  class=\"tb_text_wrap\">\n        <h2>Skr\u00e4ddarsydda l\u00f6sningar f\u00f6r unika milj\u00f6er<\/h2><p>Vi erbjuder skr\u00e4ddarsydda l\u00f6sningar f\u00f6r att m\u00f6ta den nya lagen och dina unika behov som hj\u00e4lper ditt f\u00f6retag att effektivt hantera och behandla ert matavfall.<\/p><p>N\u00e5gra vanliga situationer d\u00e4r vi kan hj\u00e4lpa dig:<\/p><ul><li>Ditt f\u00f6retag beh\u00f6ver helt enkelt k\u00f6pa nya\u00a0<a href=\"https:\/\/www.witre.se\/sv\/wsw\/kallsorteringskarl\" target=\"_blank\" rel=\"noopener\">k\u00f6pa nya k\u00e4llsorteringsk\u00e4rl\u00a0<\/a>d\u00e5 de gamla b\u00f6rjar bli slitna<\/li><li>Er verksamhet har flyttat till nya lokaler och du beh\u00f6ver en anpassad sortering<\/li><li>Ditt f\u00f6retag har antagit en ny CSR-policy och vill se \u00f6ver hela kedjan f\u00f6r avfallshantering<\/li><li>Du vill vara s\u00e4ker p\u00e5 att ni har k\u00e4rl som efterlever den nya lagen<\/li><\/ul><p>V\u00e5ra specialdesignade matavfallsk\u00e4rl \u00e4r utrustade med t\u00e4ta lock f\u00f6r att eliminera d\u00e5lig lukt och minimera risken f\u00f6r skadedjur. Vi har ett stort sortiment av sorteringsk\u00e4rl, med och utan CSR-m\u00e4rkning. Med v\u00e5ra l\u00f6sningar kan ditt f\u00f6retag f\u00f6lja lagstiftningen p\u00e5 ett enkelt och p\u00e5litligt s\u00e4tt samtidigt som ni visar ett engagemang f\u00f6r h\u00e5llbarhet. Dessutom f\u00e5r era medarbetare k\u00e4nna att de bidrar till en b\u00e4ttre v\u00e4rld \u2013 varje dag.<\/p>    <\/div>\n<\/div>\n<!-- \/module text -->        <\/div>\n                    <\/div>\n        <!-- module text -->\n<div  class=\"module module-text tb_zryy821   \" data-lazy=\"1\">\n        <div  class=\"tb_text_wrap\">\n        <h3>H\u00e5llbart och sp\u00e5rbart<\/h3><p>Genom en modern l\u00f6sning f\u00f6r avfallshantering kan du enkelt f\u00e5 en \u00f6versikt \u00f6ver till exempel hur mycket papper ditt f\u00f6retag kastar per \u00e5r. N\u00e4r ni f\u00e5r en b\u00e4ttre kontroll p\u00e5 ert avfall kan ni b\u00f6rja g\u00f6ra f\u00f6r\u00e4ndringar som verkligen g\u00f6r skillnad. V\u00e5ra \u00e5tervinningsk\u00e4rl \u00e4r anpassade f\u00f6r att h\u00e5lla l\u00e4nge. Men om de g\u00e5r s\u00f6nder s\u00e5 erbjuder vi alltid reservdelar till k\u00e4rlet, s\u00e5 att du inte m\u00e5ste byta ut ett k\u00e4rl i on\u00f6dan. Vi hj\u00e4lper dig mer \u00e4n g\u00e4rna att fixa ditt trasiga k\u00e4rl s\u00e5 att det blir som nytt om n\u00e5got of\u00f6rutsett h\u00e4nder.<\/p><h3>Viktigt med r\u00e4tt k\u00e4rl f\u00f6r k\u00e4llsortering<\/h3><p>Att implementera en effektiv k\u00e4llsorteringsrutin \u00e4r viktigt f\u00f6r f\u00f6retag idag, s\u00e4rskilt med tanke p\u00e5 de nya reglerna om\u00a0<a href=\"https:\/\/www.regeringen.se\/artiklar\/2022\/07\/nya-forbattrade-regler-om-forpackningsinsamlingen\/\" target=\"_blank\" rel=\"noopener\">f\u00f6rpackningsinsamling<\/a>. F\u00f6r att hj\u00e4lpa din verksamhet och dina kollegor att uppfylla era skyldigheter och fr\u00e4mja en h\u00e5llbar hantering av f\u00f6rpackningsavfall, \u00e4r det n\u00f6dv\u00e4ndigt att du v\u00e4ljer r\u00e4tt k\u00e4llsorteringsk\u00e4rl.<\/p>    <\/div>\n<\/div>\n<!-- \/module text -->        <div  data-lazy=\"1\" class=\"module_subrow themify_builder_sub_row tf_w col_align_top tb_col_count_2 tb_dve7150\">\n                <div  data-lazy=\"1\" class=\"module_column sub_column col4-2 tb_ma3e344 first\">\n                    <!-- module image -->\n<div  class=\"module module-image tb_vtbi344 image-center   tf_mw\" data-lazy=\"1\">\n        <div class=\"image-wrap tf_rel tf_mw\">\n            <img loading=\"lazy\" decoding=\"async\" width=\"200\" height=\"200\" src=\"https:\/\/blog-witre.se\/wsw\/wp-content\/uploads\/sites\/2\/2025\/03\/karl1.jpg\" class=\"wp-post-image wp-image-3921\" title=\"karl1\" alt=\"karl1\" srcset=\"https:\/\/blog-witre.se\/wsw\/wp-content\/uploads\/sites\/2\/2025\/03\/karl1.jpg 200w, https:\/\/blog-witre.se\/wsw\/wp-content\/uploads\/sites\/2\/2025\/03\/karl1-150x150.jpg 150w\" sizes=\"auto, (max-width: 200px) 100vw, 200px\" \/>    \n        <\/div>\n    <!-- \/image-wrap -->\n    \n        <\/div>\n<!-- \/module image --><!-- module buttons -->\n<div  class=\"module module-buttons tb_pkc7344 buttons-horizontal solid   rounded\" data-lazy=\"1\">\n        <div class=\"module-buttons-item tf_in_flx\">\n                        <a href=\"https:\/\/www.witre.se\/sv\/wsw\/kallsorteringskarl-for-kontor#productBeginIndex:0&#038;orderBy:7&#038;\" class=\"ui builder_button tf_in_flx orange\" target=\"_blank\" rel=\"noopener\">\n                                                K\u00e4llsortering f\u00f6r kontor                                        <em><svg  class=\"tf_fa tf-fas-arrow-alt-circle-right\" aria-hidden=\"true\"><use href=\"#tf-fas-arrow-alt-circle-right\"><\/use><\/svg><\/em>                            <\/a>\n                <\/div>\n            <\/div>\n<!-- \/module buttons -->\n        <\/div>\n                    <div  data-lazy=\"1\" class=\"module_column sub_column col4-2 tb_vhyz904 last\">\n                    <!-- module image -->\n<div  class=\"module module-image tb_02tc8 image-center   tf_mw\" data-lazy=\"1\">\n        <div class=\"image-wrap tf_rel tf_mw\">\n            <img loading=\"lazy\" decoding=\"async\" width=\"200\" height=\"200\" src=\"https:\/\/blog-witre.se\/wsw\/wp-content\/uploads\/sites\/2\/2025\/03\/karl2.jpg\" class=\"wp-post-image wp-image-3922\" title=\"karl2\" alt=\"karl2\" srcset=\"https:\/\/blog-witre.se\/wsw\/wp-content\/uploads\/sites\/2\/2025\/03\/karl2.jpg 200w, https:\/\/blog-witre.se\/wsw\/wp-content\/uploads\/sites\/2\/2025\/03\/karl2-150x150.jpg 150w\" sizes=\"auto, (max-width: 200px) 100vw, 200px\" \/>    \n        <\/div>\n    <!-- \/image-wrap -->\n    \n        <\/div>\n<!-- \/module image --><!-- module buttons -->\n<div  class=\"module module-buttons tb_a9hs447 buttons-horizontal solid   rounded\" data-lazy=\"1\">\n        <div class=\"module-buttons-item tf_in_flx\">\n                        <a href=\"https:\/\/www.witre.se\/sv\/wsw\/tillbehor-till-kallsorteringskarl#productBeginIndex:0&#038;orderBy:7&#038;\" class=\"ui builder_button tf_in_flx orange\" target=\"_blank\" rel=\"noopener\">\n                                                Tillbeh\u00f6r till k\u00e4llsorteringsk\u00e4rl                                        <em><svg  class=\"tf_fa tf-fas-arrow-alt-circle-right\" aria-hidden=\"true\"><use href=\"#tf-fas-arrow-alt-circle-right\"><\/use><\/svg><\/em>                            <\/a>\n                <\/div>\n            <\/div>\n<!-- \/module buttons -->\n        <\/div>\n                    <\/div>\n                <div  data-lazy=\"1\" class=\"module_subrow themify_builder_sub_row tf_w col_align_top tb_col_count_2 tb_j9qh775\">\n                <div  data-lazy=\"1\" class=\"module_column sub_column col4-2 tb_tl88775 first\">\n                    <!-- module image -->\n<div  class=\"module module-image tb_ywax792 image-center   tf_mw\" data-lazy=\"1\">\n        <div class=\"image-wrap tf_rel tf_mw\">\n            <img loading=\"lazy\" decoding=\"async\" width=\"200\" height=\"200\" src=\"https:\/\/blog-witre.se\/wsw\/wp-content\/uploads\/sites\/2\/2025\/03\/karl3.jpg\" class=\"wp-post-image wp-image-3923\" title=\"karl3\" alt=\"karl3\" srcset=\"https:\/\/blog-witre.se\/wsw\/wp-content\/uploads\/sites\/2\/2025\/03\/karl3.jpg 200w, https:\/\/blog-witre.se\/wsw\/wp-content\/uploads\/sites\/2\/2025\/03\/karl3-150x150.jpg 150w\" sizes=\"auto, (max-width: 200px) 100vw, 200px\" \/>    \n        <\/div>\n    <!-- \/image-wrap -->\n    \n        <\/div>\n<!-- \/module image --><!-- module buttons -->\n<div  class=\"module module-buttons tb_66jw792 buttons-horizontal solid   rounded\" data-lazy=\"1\">\n        <div class=\"module-buttons-item tf_in_flx\">\n                        <a href=\"https:\/\/www.witre.se\/sv\/wsw\/karl-for-specialavfall#productBeginIndex:0&#038;\" class=\"ui builder_button tf_in_flx orange\" target=\"_blank\" rel=\"noopener\">\n                                                K\u00e4rl f\u00f6r specialavfall                                        <em><svg  class=\"tf_fa tf-fas-arrow-alt-circle-right\" aria-hidden=\"true\"><use href=\"#tf-fas-arrow-alt-circle-right\"><\/use><\/svg><\/em>                            <\/a>\n                <\/div>\n            <\/div>\n<!-- \/module buttons -->\n        <\/div>\n                    <div  data-lazy=\"1\" class=\"module_column sub_column col4-2 tb_jvpa775 last\">\n                    <!-- module image -->\n<div  class=\"module module-image tb_1rqv792 image-center   tf_mw\" data-lazy=\"1\">\n        <div class=\"image-wrap tf_rel tf_mw\">\n            <img loading=\"lazy\" decoding=\"async\" width=\"200\" height=\"200\" src=\"https:\/\/blog-witre.se\/wsw\/wp-content\/uploads\/sites\/2\/2025\/03\/karl4.jpg\" class=\"wp-post-image wp-image-3924\" title=\"karl4\" alt=\"karl4\" srcset=\"https:\/\/blog-witre.se\/wsw\/wp-content\/uploads\/sites\/2\/2025\/03\/karl4.jpg 200w, https:\/\/blog-witre.se\/wsw\/wp-content\/uploads\/sites\/2\/2025\/03\/karl4-150x150.jpg 150w\" sizes=\"auto, (max-width: 200px) 100vw, 200px\" \/>    \n        <\/div>\n    <!-- \/image-wrap -->\n    \n        <\/div>\n<!-- \/module image --><!-- module buttons -->\n<div  class=\"module module-buttons tb_urmn792 buttons-horizontal solid   rounded\" data-lazy=\"1\">\n        <div class=\"module-buttons-item tf_in_flx\">\n                        <a href=\"https:\/\/www.witre.se\/sv\/wsw\/soptunnor-for-livsmedel#productBeginIndex:0&#038;\" class=\"ui builder_button tf_in_flx orange\" target=\"_blank\" rel=\"noopener\">\n                                                Soptunnor f\u00f6r livsmedel                                        <em><svg  class=\"tf_fa tf-fas-arrow-alt-circle-right\" aria-hidden=\"true\"><use href=\"#tf-fas-arrow-alt-circle-right\"><\/use><\/svg><\/em>                            <\/a>\n                <\/div>\n            <\/div>\n<!-- \/module buttons -->\n        <\/div>\n                    <\/div>\n        <!-- module text -->\n<div  class=\"module module-text tb_470b782   \" data-lazy=\"1\">\n        <div  class=\"tb_text_wrap\">\n        <h2>Olika typer av k\u00e4llsorteringsk\u00e4rl<\/h2>\n<h3>Enkla papperskorgar f\u00f6r sopsortering<\/h3>\n<p>Enkla papperskorgar \u00e4r det grundl\u00e4ggande valet f\u00f6r k\u00e4llsortering p\u00e5 arbetsplatser d\u00e4r du har ett begr\u00e4nsat behov av \u00e5tskillnad av avfall. Dessa k\u00e4rl \u00e4r vanligtvis utrustade med separata fack f\u00f6r att separera vanligt avfall fr\u00e5n \u00e5tervinningsbart material.<\/p>\n<h3>Station\u00e4ra k\u00e4llsorteringsstationer<\/h3>\n<p>F\u00f6r arbetsplatser som producerar st\u00f6rre m\u00e4ngder avfall finns station\u00e4ra k\u00e4llsorteringsstationer tillg\u00e4ngliga. Dessa stationer \u00e4r utformade med flera fack f\u00f6r att enkelt sortera och separera olika typer av avfall, inklusive papper, plast, glas och metall.<\/p>\n<h3>Mobila k\u00e4llsorteringsk\u00e4rl<\/h3>\n<p>Mobila k\u00e4llsorteringsk\u00e4rl \u00e4r praktiska f\u00f6r arbetsmilj\u00f6er d\u00e4r flexibilitet \u00e4r viktigt. Dessa k\u00e4rl \u00e4r utrustade med hjul f\u00f6r enkel f\u00f6rflyttning och kan placeras p\u00e5 olika platser efter behov. De \u00e4r idealiska f\u00f6r st\u00f6rre arbetsplatser d\u00e4r avfallshantering kan beh\u00f6va anpassas efter olika omr\u00e5den eller avdelningar.<\/p>\n<h3>St\u00e4dvagnar<\/h3>\n<p>Ut\u00f6ver de traditionella k\u00e4llsorteringsk\u00e4rlen finns det ocks\u00e5 m\u00f6jlighet att anv\u00e4nda st\u00e4dvagnar f\u00f6r att underl\u00e4tta k\u00e4llsortering och avfallshantering p\u00e5 arbetsplatsen. St\u00e4dvagnar \u00e4r praktiska och flexibla l\u00f6sningar som kan anv\u00e4ndas f\u00f6r att samla in avfall och sortera det p\u00e5 plats. En st\u00e4dvagn kan anpassas med olika fack eller beh\u00e5llare f\u00f6r att sortera sopor f\u00f6r olika avfallstyper.<\/p>    <\/div>\n<\/div>\n<!-- \/module text --><!-- module text -->\n<div  class=\"module module-text tb_yq89248   \" data-lazy=\"1\">\n        <div  class=\"tb_text_wrap\">\n        <h2>S\u00e5 v\u00e4ljer du r\u00e4tt k\u00e4llsorteringsk\u00e4rl<\/h2>\n<p>F\u00f6r att v\u00e4lja r\u00e4tt k\u00e4llsorteringsk\u00e4rl \u00e4r det viktigt att fundera \u00f6ver hur behovet ser ut hos just er. Se \u00f6ver punkterna nedan f\u00f6r att f\u00e5 en bild av vilka k\u00e4llsorteringsk\u00e4rl du beh\u00f6ver.<\/p>\n<ul>\n<li><strong>Storlek och kapacitet:<\/strong>\u00a0V\u00e4lj k\u00e4rl som kan hantera den f\u00f6rv\u00e4ntade m\u00e4ngden avfall p\u00e5 arbetsplatsen f\u00f6r att undvika \u00f6verfyllning och f\u00f6r att slippa t\u00f6mma lika ofta.<\/li>\n<li><strong>Placering:<\/strong>\u00a0Placera k\u00e4llsorteringsk\u00e4rlen p\u00e5 strategiska platser d\u00e4r de \u00e4r l\u00e4tt\u00e5tkomliga f\u00f6r alla anst\u00e4llda s\u00e5 att de blir enkla att anv\u00e4nda.<\/li>\n<li><strong>T\u00f6mning:<\/strong>\u00a0Se till att det finns en tydlig rutin f\u00f6r regelbunden t\u00f6mning av k\u00e4rlen f\u00f6r att undvika \u00f6verfyllnad och obehaglig lukt.<\/li>\n<li><strong>Reng\u00f6ring:<\/strong>\u00a0Se till att k\u00e4rlen \u00e4r anpassade f\u00f6r era rutiner f\u00f6r st\u00e4dning och renh\u00e5llning.<\/li>\n<li><strong>Anpassning till nya regler:<\/strong>\u00a0Se till att de k\u00e4llsorteringsk\u00e4rl du v\u00e4ljer lever upp till kraven i de nya f\u00f6rpackningsinsamlingsreglerna och matavfallslagen.<\/li>\n<li><strong>Avfallstyper:<\/strong>\u00a0Utv\u00e4rdera vilka typer av avfall som genereras p\u00e5 arbetsplatsen och v\u00e4lj sopsorteringsk\u00e4rl som kan hantera dessa specifika avfallstyper effektivt.<\/li>\n<li><strong>F\u00e4rgkodning och m\u00e4rkning:<\/strong>\u00a0Anv\u00e4nd k\u00e4rl med tydlig f\u00e4rgkodning och tydliga symboler f\u00f6r avfallsm\u00e4rkning.<\/li>\n<li><strong>Beteende p\u00e5 arbetsplatsen:<\/strong>\u00a0T\u00e4nk p\u00e5 att ta h\u00e4nsyn till medarbetarnas behov i vardagen och vilka situationer de befinner sig i n\u00e4r de nyttjar k\u00e4rlen.<\/li>\n<\/ul>    <\/div>\n<\/div>\n<!-- \/module text -->        <\/div>\n                        <\/div>\n        <\/div>\n                        <div  data-lazy=\"1\" class=\"module_row themify_builder_row tb_nuqj550 tf_w\">\n                        <div class=\"row_inner col_align_top tb_col_count_1 tf_box tf_rel\">\n                        <div  data-lazy=\"1\" class=\"module_column tb-column col-full tb_i3bm550 first\">\n                    <!-- module image -->\n<div  class=\"module module-image tb_dul3625 image-center   tf_mw\" data-lazy=\"1\">\n        <div class=\"image-wrap tf_rel tf_mw\">\n            <img loading=\"lazy\" decoding=\"async\" width=\"1000\" height=\"667\" src=\"https:\/\/blog-witre.se\/wsw\/wp-content\/uploads\/sites\/2\/2025\/03\/sortera.jpg\" class=\"wp-post-image wp-image-4034\" title=\"sortera\" alt=\"sortera\" srcset=\"https:\/\/blog-witre.se\/wsw\/wp-content\/uploads\/sites\/2\/2025\/03\/sortera.jpg 1000w, https:\/\/blog-witre.se\/wsw\/wp-content\/uploads\/sites\/2\/2025\/03\/sortera-300x200.jpg 300w, https:\/\/blog-witre.se\/wsw\/wp-content\/uploads\/sites\/2\/2025\/03\/sortera-768x512.jpg 768w\" sizes=\"auto, (max-width: 1000px) 100vw, 1000px\" \/>    \n        <\/div>\n    <!-- \/image-wrap -->\n    \n        <\/div>\n<!-- \/module image --><!-- module text -->\n<div  class=\"module module-text tb_okhr466   \" data-lazy=\"1\">\n        <div  class=\"tb_text_wrap\">\n        <h3>Skapa en k\u00e4llsorteringskultur<\/h3><p>Genom att v\u00e4lja r\u00e4tt k\u00e4llsorteringsk\u00e4rl och implementera en effektiv k\u00e4llsorteringsrutin kan ditt f\u00f6retag bidra till att minska er milj\u00f6p\u00e5verkan och uppr\u00e4tth\u00e5lla en h\u00e5llbar hantering av avfall. Kom ih\u00e5g att personalens engagemang och motivation \u00e4r avg\u00f6rande f\u00f6r att lyckas med k\u00e4llsortering. Utbilda och informera personalen om vikten av korrekt sortering och f\u00f6rdelarna med att bidra till en h\u00e5llbar avfallshantering. Genom att involvera personalen i processen skapas en starkare k\u00e4llsorteringskultur inom f\u00f6retaget!<\/p><h3>F\u00f6rslag p\u00e5 produkter<\/h3><p>F\u00f6rslag p\u00e5 produkter f\u00f6r effektiv k\u00e4llsortering och avfallshantering. Vi erbjuder inte bara effektiva l\u00f6sningar f\u00f6r k\u00e4llsortering och avfallshantering, utan ocks\u00e5 ett urval av milj\u00f6v\u00e4nliga produkter. V\u00e5rt sortiment inkluderar CSR-m\u00e4rkta k\u00e4llsorteringsk\u00e4rl tillverkade av \u00e5tervunnen plast, lokalt producerade eller \u00e5teranv\u00e4ndbara resurser. Dessa milj\u00f6v\u00e4nliga k\u00e4rl \u00e4r ett utm\u00e4rkt val f\u00f6r f\u00f6retag och organisationer som str\u00e4var efter att minska sin milj\u00f6p\u00e5verkan och bidra till ett h\u00e5llbart samh\u00e4lle.<\/p>    <\/div>\n<\/div>\n<!-- \/module text --><!-- module buttons -->\n<div  class=\"module module-buttons tb_bomt538 buttons-horizontal solid   rounded\" data-lazy=\"1\">\n        <div class=\"module-buttons-item tf_in_flx\">\n                        <a href=\"https:\/\/www.witre.se\/sv\/wsw\/kallsorteringskarl#productBeginIndex:0&#038;orderBy:7&#038;\" class=\"ui builder_button tf_in_flx orange\" target=\"_blank\" rel=\"noopener\">\n                                    <em><svg  class=\"tf_fa tf-ti-arrow-circle-right\" aria-hidden=\"true\"><use href=\"#tf-ti-arrow-circle-right\"><\/use><\/svg><\/em>                                        Se hela v\u00e5rt sortiment                                        <\/a>\n                <\/div>\n            <\/div>\n<!-- \/module buttons -->\n<!-- module text -->\n<div  class=\"module module-text tb_7cje897   \" data-lazy=\"1\">\n        <div  class=\"tb_text_wrap\">\n        <div id=\"contentRecommendationWidget_3_-1005_804904\" class=\"contentRecommendationWidget noPrint\">\n<div class=\"left_espot\">\n<section class=\"fourth-section\">\n<div class=\"content\">\n<h2>Materialval f\u00f6r k\u00e4llsorteringsk\u00e4rl<\/h2>\n<\/div>\n<\/section>\n<\/div>\n<\/div>\n<div id=\"contentRecommendationWidget_3_-1005_804903\" class=\"contentRecommendationWidget noPrint\">\n<div class=\"left_espot\">\n<section class=\"fifth-section\">\n<div class=\"content\">\n<h3>Plastk\u00e4rl f\u00f6r \u00e5tervinning<\/h3>\n<p>Plastk\u00e4rl \u00e4r popul\u00e4ra p\u00e5 grund av sin l\u00e4tta vikt, sin l\u00e5nga h\u00e5llbarhet och motst\u00e5ndskraft mot rost. De \u00e4r enkla att reng\u00f6ra och kan vara f\u00f6rsedda med olika fack f\u00f6r att underl\u00e4tta \u00e5tskillnad av olika typer av avfall, inklusive plastavfall.<\/p>\n<h3>Metallk\u00e4rl f\u00f6r avfallshantering<\/h3>\n<p>Metallk\u00e4rl \u00e4r robusta och t\u00e5liga, vilket g\u00f6r dem l\u00e4mpliga f\u00f6r kr\u00e4vande arbetsmilj\u00f6er. Oftast \u00e4r de tillverkade av slitstarkt material som rostfritt st\u00e5l och h\u00e5ller l\u00e4nge. Metallk\u00e4rl \u00e4r ocks\u00e5 brandbest\u00e4ndiga och har ett professionellt utseende.<\/p>\n<h3>Tr\u00e4k\u00e4rl f\u00f6r milj\u00f6v\u00e4nlig k\u00e4llsortering<\/h3>\n<p>Tr\u00e4k\u00e4rl \u00e4r ett milj\u00f6v\u00e4nligt alternativ och passar bra i estetiskt k\u00e4nsliga eller naturn\u00e4ra arbetsmilj\u00f6er. De \u00e4r tillverkade av f\u00f6rnybara material och kan enkelt anpassas f\u00f6r att passa in i olika inredningsstilar.<\/p>\n<h2>V\u00e4lkommen med din offertf\u00f6rfr\u00e5gan<\/h2>\n<p>K\u00e4llsorteringsk\u00e4rl bidrar till en h\u00e5llbar arbetsmilj\u00f6 och effektiv avfallshantering. Genom att v\u00e4lja r\u00e4tt k\u00e4rl, sortera avfallet p\u00e5 r\u00e4tt s\u00e4tt och engagera personalen i k\u00e4llsorteringsprocessen kan ditt f\u00f6retag minska er milj\u00f6p\u00e5verkan p\u00e5 flera s\u00e4tt. K\u00e4llsorteringsk\u00e4rl underl\u00e4ttar \u00e5tskillnad av olika typer av avfall och m\u00f6jligg\u00f6r \u00e5tervinning och korrekt avfallshantering. Genom att effektivt hantera och \u00e5tervinna avfallet kan vi tillsammans g\u00f6ra en positiv skillnad f\u00f6r milj\u00f6n.<\/p>\n<\/div>\n<\/section>\n<\/div>\n<\/div>    <\/div>\n<\/div>\n<!-- \/module text -->        <\/div>\n                        <\/div>\n        <\/div>\n                        <div  data-lazy=\"1\" class=\"module_row themify_builder_row tb_mem6756 tf_w\">\n                        <div class=\"row_inner col_align_top tb_col_count_1 tf_box tf_rel\">\n                        <div  data-lazy=\"1\" class=\"module_column tb-column col-full tb_yzav756 first\">\n                            <div  data-lazy=\"1\" class=\"module_subrow themify_builder_sub_row tf_w col_align_top tb_col_count_1 tb_29bc756\">\n                <div  data-lazy=\"1\" class=\"module_column sub_column col-full tb_ur7v756 first\">\n                    <!-- module accordion -->\n<div  class=\"module module-accordion tb_cfec756 \" data-behavior=\"toggle\" data-lazy=\"1\">\n    \n    <ul class=\"ui module-accordion  rounded blue\">\n            <li>\n            <div class=\"accordion-title tf_rel\">\n                <a href=\"#acc-cfec756-0\" class=\"tb_title_accordion\" aria-controls=\"acc-cfec756-0-content\" aria-expanded=\"false\">\n                    <i class=\"accordion-icon\"><svg  class=\"tf_fa tf-ti-arrow-circle-down\" aria-hidden=\"true\"><use href=\"#tf-ti-arrow-circle-down\"><\/use><\/svg><\/i>                    <i class=\"accordion-active-icon tf_hide\"><svg  class=\"tf_fa tf-ti-arrow-circle-up\" aria-hidden=\"true\"><use href=\"#tf-ti-arrow-circle-up\"><\/use><\/svg><\/i>                    FAQ - Vanliga fr\u00e5gor                <\/a>\n            <\/div><!-- .accordion-title -->\n            <div id=\"acc-cfec756-0-content\" data-id=\"acc-cfec756-0\" aria-hidden=\"true\" class=\"accordion-content tf_hide tf_clearfix\">\n                        <div  data-lazy=\"1\" class=\"module_subrow themify_builder_sub_row tf_w col_align_top tb_col_count_1 tb_300q756\" itemprop=\"text\">\n                <div  data-lazy=\"1\" class=\"module_column sub_column tb_cq93756 first\">\n                    <!-- module text -->\n<div  class=\"module module-text tb_3be7756   \" data-lazy=\"1\">\n        <div  class=\"tb_text_wrap\">\n        <div class=\"box-header\" data-oc-trigger=\"\"><div class=\"box oc-opened\" data-oc=\"opened\" data-oc-group=\"\"><div class=\"box-part\"><div class=\"box-header\" data-oc-trigger=\"\"><div class=\"box oc-opened\" data-oc=\"opened\" data-oc-group=\"\"><div class=\"box-part\"><div class=\"box-header\" data-oc-trigger=\"\"><div class=\"box oc-opened\" data-oc=\"opened\" data-oc-group=\"\"><div class=\"box-part\"><div class=\"box-header\" data-oc-trigger=\"\"><div class=\"box oc-opened\" data-oc=\"opened\" data-oc-group=\"\"><div class=\"box-part\"><div class=\"box-header\" data-oc-trigger=\"\"><h3 class=\"t4\">\u00c4r det lag p\u00e5 k\u00e4llsortering i Sverige?<\/h3><\/div><div data-oc-target=\"0\" data-oc-closed-size=\"96px\"><div><div class=\"box-content\"><p>Ja. Enligt Avfallsf\u00f6rordningen (2011:927) ska alla i Sverige, b\u00e5de hush\u00e5ll och f\u00f6retag, separera avfall i kategorier som papper, plast, metall, glas, matavfall och farligt avfall. Dessutom inf\u00f6rs nya regler fr\u00e5n 2023\/2024, som inneb\u00e4r att f\u00f6retag som genererar stora m\u00e4ngder matavfall m\u00e5ste anpassa sig till den nya matavfallslagen. Innan dessa nya regler \u00e4r p\u00e5 plats \u00e4r det varje kommuns egna regler f\u00f6r avfallshantering som g\u00e4ller. Den som inte f\u00f6ljer dessa kan beh\u00f6va betala b\u00f6ter.<\/p><\/div><\/div><\/div><\/div><\/div><div class=\"box oc-opened\" data-oc=\"opened\" data-oc-group=\"\"><div class=\"box-part\"><div class=\"box-header\" data-oc-trigger=\"\"><h3 class=\"t4\">Vad m\u00e5ste f\u00f6retag k\u00e4llsortera ?<\/h3><\/div><div data-oc-target=\"0\" data-oc-closed-size=\"0px\"><div><div class=\"box-content\"><p>Det beror p\u00e5 region och kommun, men vanliga avfallskategorier som f\u00f6retag brukar k\u00e4llsortera inkluderar papper, plast, glas, metall och matavfall. Genom att v\u00e4lja r\u00e4tt k\u00e4llsorteringsk\u00e4rl kan f\u00f6retag effektivt hantera dessa avfallstyper. Fr\u00e5n och med 2023\/2024 m\u00e5ste f\u00f6retag anpassa sig till den nya matavfallslagen.<\/p><\/div><\/div><\/div><\/div><\/div><div class=\"box oc-opened\" data-oc=\"opened\" data-oc-group=\"\"><div class=\"box-part\"><div class=\"box-header\" data-oc-trigger=\"\"><h3 class=\"t4\">Hur f\u00f6rvarar man k\u00e4llsortering?<\/h3><\/div><div data-oc-target=\"0\" data-oc-closed-size=\"0px\"><div><div class=\"box-content\"><p>F\u00f6rvaring av k\u00e4llsortering kan ske genom att anv\u00e4nda tydligt m\u00e4rkta k\u00e4llsorteringsk\u00e4rl och placera dem p\u00e5 l\u00e4mpliga platser p\u00e5 arbetsplatsen. K\u00e4rl kan skr\u00e4ddarsys utifr\u00e5n f\u00f6retagets unika behov av funktionalitet och design. Det \u00e4r viktigt att se till att det finns tillr\u00e4ckligt med k\u00e4rl f\u00f6r varje avfallstyp och att de \u00e4r l\u00e4tt\u00e5tkomliga f\u00f6r anst\u00e4llda. Genom att implementera r\u00e4tt system f\u00f6r avfallshantering och ge tydliga instruktioner till personalen kan k\u00e4llsorteringen effektiviseras och bli roligare.<\/p><\/div><\/div><\/div><\/div><\/div><\/div><\/div><\/div><\/div><\/div><\/div><\/div><\/div><\/div><\/div>    <\/div>\n<\/div>\n<!-- \/module text -->        <\/div>\n                    <\/div>\n                    <\/div><!-- .accordion-content -->\n        <\/li>\n        <\/ul>\n\n<\/div><!-- \/module accordion -->        <\/div>\n                    <\/div>\n                <\/div>\n                        <\/div>\n        <\/div>\n        <\/div>\n<!--\/themify_builder_content-->","protected":false},"excerpt":{"rendered":"<p>Att ha r\u00e4tt\u00a0k\u00e4llsorteringsk\u00e4rl\u00a0p\u00e5 arbetsplatsen \u00e4r avg\u00f6rande f\u00f6r att skapa en h\u00e5llbar arbetsmilj\u00f6 och effektiv avfallshantering. Genom att aktivt delta i k\u00e4llsortering bidrar ditt f\u00f6retag inte bara till att minska er milj\u00f6p\u00e5verkan. Ni visar ocks\u00e5 engagemang f\u00f6r ett ansvarsfullt och h\u00e5llbart f\u00f6retagande. Genom att ordentligt separera och hantera avfallet p\u00e5 arbetsplatsen kan ditt f\u00f6retag spela en [&hellip;]<\/p>\n","protected":false},"author":1,"featured_media":3906,"comment_status":"closed","ping_status":"open","sticky":false,"template":"","format":"standard","meta":{"footnotes":""},"categories":[32,35],"tags":[],"class_list":["post-3897","post","type-post","status-publish","format-standard","has-post-thumbnail","hentry","category-avfallshantering","category-kopguide","has-post-title","has-post-date","has-post-category","has-post-tag","has-post-comment","has-post-author",""],"_links":{"self":[{"href":"https:\/\/blog-witre.se\/wsw\/wp-json\/wp\/v2\/posts\/3897","targetHints":{"allow":["GET"]}}],"collection":[{"href":"https:\/\/blog-witre.se\/wsw\/wp-json\/wp\/v2\/posts"}],"about":[{"href":"https:\/\/blog-witre.se\/wsw\/wp-json\/wp\/v2\/types\/post"}],"author":[{"embeddable":true,"href":"https:\/\/blog-witre.se\/wsw\/wp-json\/wp\/v2\/users\/1"}],"replies":[{"embeddable":true,"href":"https:\/\/blog-witre.se\/wsw\/wp-json\/wp\/v2\/comments?post=3897"}],"version-history":[{"count":156,"href":"https:\/\/blog-witre.se\/wsw\/wp-json\/wp\/v2\/posts\/3897\/revisions"}],"predecessor-version":[{"id":6806,"href":"https:\/\/blog-witre.se\/wsw\/wp-json\/wp\/v2\/posts\/3897\/revisions\/6806"}],"wp:featuredmedia":[{"embeddable":true,"href":"https:\/\/blog-witre.se\/wsw\/wp-json\/wp\/v2\/media\/3906"}],"wp:attachment":[{"href":"https:\/\/blog-witre.se\/wsw\/wp-json\/wp\/v2\/media?parent=3897"}],"wp:term":[{"taxonomy":"category","embeddable":true,"href":"https:\/\/blog-witre.se\/wsw\/wp-json\/wp\/v2\/categories?post=3897"},{"taxonomy":"post_tag","embeddable":true,"href":"https:\/\/blog-witre.se\/wsw\/wp-json\/wp\/v2\/tags?post=3897"}],"curies":[{"name":"wp","href":"https:\/\/api.w.org\/{rel}","templated":true}]}}